{"id":29682,"date":"2023-07-12T15:40:08","date_gmt":"2023-07-12T14:40:08","guid":{"rendered":"http:\/\/sodefor.net\/?p=29682"},"modified":"2023-07-12T15:48:17","modified_gmt":"2023-07-12T14:48:17","slug":"eraift-sodefor-kin","status":"publish","type":"post","link":"http:\/\/sodefor.net\/en\/eraift-sodefor-kin\/","title":{"rendered":"Visite de \u00e9tudiants de l&rsquo;ERAIFT \u00e0 Sodefor"},"content":{"rendered":"<div data-elementor-type=\"wp-post\" data-elementor-id=\"29682\" class=\"elementor elementor-29682\" data-elementor-settings=\"[]\">\n\t\t\t\t\t\t<div class=\"elementor-inner\">\n\t\t\t\t\t\t\t<div class=\"elementor-section-wrap\">\n\t\t\t\t\t\t\t<section class=\"elementor-section elementor-top-section elementor-element elementor-element-f3f994f elementor-section-boxed elementor-section-height-default elementor-section-height-default\" data-id=\"f3f994f\" data-element_type=\"section\">\n\t\t\t\t\t\t<div class=\"elementor-container elementor-column-gap-default\">\n\t\t\t\t\t\t\t<div class=\"elementor-row\">\n\t\t\t\t\t<div class=\"elementor-column elementor-col-100 elementor-top-column elementor-element elementor-element-feed6a5\" data-id=\"feed6a5\" data-element_type=\"column\">\n\t\t\t<div class=\"elementor-column-wrap elementor-element-populated\">\n\t\t\t\t\t\t\t<div class=\"elementor-widget-wrap\">\n\t\t\t\t\t\t<div class=\"elementor-element elementor-element-d01dbc5 elementor-widget elementor-widget-text-editor\" data-id=\"d01dbc5\" data-element_type=\"widget\" data-widget_type=\"text-editor.default\">\n\t\t\t\t<div class=\"elementor-widget-container\">\n\t\t\t\t\t<div class=\"elementor-text-editor elementor-clearfix\"><p>Le mardi 11 Juillet dernier, 8 \u00e9tudiants de l\u2019ERAIFT ont \u00e9t\u00e9 invit\u00e9s par la SODEFOR \u00e0 visiter ses installations de transformation du bois \u00e0 Kinshasa. Cette visite a \u00e9t\u00e9 r\u00e9alis\u00e9 dans le cadre de l\u2019accord de partenariat de la SODEFOR avec l\u2019ERAIFT, et s\u2019est d\u00e9roul\u00e9 pour illustrer le cours \u00ab\u00a0Fili\u00e8re Bois et Valorisation\u00a0\u00bb, dispens\u00e9 au MSc professionnel en Technique d&rsquo;Am\u00e9nagement Forestier men\u00e9 par le Professeur J\u00e9r\u00f4me EBUY.<\/p>\n<p>Pendant toute la matin\u00e9e, les \u00e9tudiants se sont pench\u00e9s sur le parcours des grumes dans les unit\u00e9s de transformations, notamment scierie, usine de d\u00e9roulage, machines de s\u00e9chage du bois et la menuiserie industrielle. Ils ont pu ainsi d\u00e9couvrir non seulement les types de machineries, mais aussi les diff\u00e9rentes lignes de production et la vari\u00e9t\u00e9 de produits bois qui sont produits sur place en RDC.<\/p><\/div>\n\t\t\t\t<\/div>\n\t\t\t\t<\/div>\n\t\t\t\t\t\t<\/div>\n\t\t\t\t\t<\/div>\n\t\t<\/div>\n\t\t\t\t\t\t\t\t<\/div>\n\t\t\t\t\t<\/div>\n\t\t<\/section>\n\t\t\t\t<section class=\"elementor-section elementor-top-section elementor-element elementor-element-a1ad9c2 elementor-section-boxed elementor-section-height-default elementor-section-height-default\" data-id=\"a1ad9c2\" data-element_type=\"section\">\n\t\t\t\t\t\t<div class=\"elementor-container elementor-column-gap-default\">\n\t\t\t\t\t\t\t<div class=\"elementor-row\">\n\t\t\t\t\t<div class=\"elementor-column elementor-col-33 elementor-top-column elementor-element elementor-element-935ab98\" data-id=\"935ab98\" data-element_type=\"column\">\n\t\t\t<div class=\"elementor-column-wrap elementor-element-populated\">\n\t\t\t\t\t\t\t<div class=\"elementor-widget-wrap\">\n\t\t\t\t\t\t<div class=\"elementor-element elementor-element-04b5f9a elementor-widget elementor-widget-image\" data-id=\"04b5f9a\" data-element_type=\"widget\" data-widget_type=\"image.default\">\n\t\t\t\t<div class=\"elementor-widget-container\">\n\t\t\t\t\t<div class=\"elementor-image\">\n\t\t\t\t\t\t\t\t\t\t<img width=\"640\" height=\"480\" src=\"http:\/\/sodefor.net\/wp-content\/uploads\/2023\/07\/IMG_2820.jpg\" class=\"attachment-large size-large\" alt=\"\" loading=\"lazy\" srcset=\"http:\/\/sodefor.net\/wp-content\/uploads\/2023\/07\/IMG_2820.jpg 640w, http:\/\/sodefor.net\/wp-content\/uploads\/2023\/07\/IMG_2820-300x225.jpg 300w, http:\/\/sodefor.net\/wp-content\/uploads\/2023\/07\/IMG_2820-16x12.jpg 16w, http:\/\/sodefor.net\/wp-content\/uploads\/2023\/07\/IMG_2820-156x117.jpg 156w\" sizes=\"(max-width: 640px) 100vw, 640px\" \/>\t\t\t\t\t\t\t\t\t\t\t<\/div>\n\t\t\t\t<\/div>\n\t\t\t\t<\/div>\n\t\t\t\t\t\t<\/div>\n\t\t\t\t\t<\/div>\n\t\t<\/div>\n\t\t\t\t<div class=\"elementor-column elementor-col-33 elementor-top-column elementor-element elementor-element-ffddaaf\" data-id=\"ffddaaf\" data-element_type=\"column\">\n\t\t\t<div class=\"elementor-column-wrap elementor-element-populated\">\n\t\t\t\t\t\t\t<div class=\"elementor-widget-wrap\">\n\t\t\t\t\t\t<div class=\"elementor-element elementor-element-ec5267f elementor-widget elementor-widget-image\" data-id=\"ec5267f\" data-element_type=\"widget\" data-widget_type=\"image.default\">\n\t\t\t\t<div class=\"elementor-widget-container\">\n\t\t\t\t\t<div class=\"elementor-image\">\n\t\t\t\t\t\t\t\t\t\t<img width=\"596\" height=\"640\" src=\"http:\/\/sodefor.net\/wp-content\/uploads\/2023\/07\/IMG_2834.jpg\" class=\"attachment-large size-large\" alt=\"\" loading=\"lazy\" srcset=\"http:\/\/sodefor.net\/wp-content\/uploads\/2023\/07\/IMG_2834.jpg 596w, http:\/\/sodefor.net\/wp-content\/uploads\/2023\/07\/IMG_2834-279x300.jpg 279w, http:\/\/sodefor.net\/wp-content\/uploads\/2023\/07\/IMG_2834-11x12.jpg 11w\" sizes=\"(max-width: 596px) 100vw, 596px\" \/>\t\t\t\t\t\t\t\t\t\t\t<\/div>\n\t\t\t\t<\/div>\n\t\t\t\t<\/div>\n\t\t\t\t\t\t<\/div>\n\t\t\t\t\t<\/div>\n\t\t<\/div>\n\t\t\t\t<div class=\"elementor-column elementor-col-33 elementor-top-column elementor-element elementor-element-a7db960\" data-id=\"a7db960\" data-element_type=\"column\">\n\t\t\t<div class=\"elementor-column-wrap elementor-element-populated\">\n\t\t\t\t\t\t\t<div class=\"elementor-widget-wrap\">\n\t\t\t\t\t\t<div class=\"elementor-element elementor-element-e06328e elementor-widget elementor-widget-image\" data-id=\"e06328e\" data-element_type=\"widget\" data-widget_type=\"image.default\">\n\t\t\t\t<div class=\"elementor-widget-container\">\n\t\t\t\t\t<div class=\"elementor-image\">\n\t\t\t\t\t\t\t\t\t\t<img width=\"640\" height=\"480\" src=\"http:\/\/sodefor.net\/wp-content\/uploads\/2023\/07\/IMG_2828.jpg\" class=\"attachment-large size-large\" alt=\"\" loading=\"lazy\" srcset=\"http:\/\/sodefor.net\/wp-content\/uploads\/2023\/07\/IMG_2828.jpg 640w, http:\/\/sodefor.net\/wp-content\/uploads\/2023\/07\/IMG_2828-300x225.jpg 300w, http:\/\/sodefor.net\/wp-content\/uploads\/2023\/07\/IMG_2828-16x12.jpg 16w, http:\/\/sodefor.net\/wp-content\/uploads\/2023\/07\/IMG_2828-156x117.jpg 156w\" sizes=\"(max-width: 640px) 100vw, 640px\" \/>\t\t\t\t\t\t\t\t\t\t\t<\/div>\n\t\t\t\t<\/div>\n\t\t\t\t<\/div>\n\t\t\t\t\t\t<\/div>\n\t\t\t\t\t<\/div>\n\t\t<\/div>\n\t\t\t\t\t\t\t\t<\/div>\n\t\t\t\t\t<\/div>\n\t\t<\/section>\n\t\t\t\t<section class=\"elementor-section elementor-top-section elementor-element elementor-element-8f6f63a elementor-section-boxed elementor-section-height-default elementor-section-height-default\" data-id=\"8f6f63a\" data-element_type=\"section\">\n\t\t\t\t\t\t<div class=\"elementor-container elementor-column-gap-default\">\n\t\t\t\t\t\t\t<div class=\"elementor-row\">\n\t\t\t\t\t<div class=\"elementor-column elementor-col-100 elementor-top-column elementor-element elementor-element-87748fe\" data-id=\"87748fe\" data-element_type=\"column\">\n\t\t\t<div class=\"elementor-column-wrap elementor-element-populated\">\n\t\t\t\t\t\t\t<div class=\"elementor-widget-wrap\">\n\t\t\t\t\t\t<div class=\"elementor-element elementor-element-707a700 elementor-widget elementor-widget-text-editor\" data-id=\"707a700\" data-element_type=\"widget\" data-widget_type=\"text-editor.default\">\n\t\t\t\t<div class=\"elementor-widget-container\">\n\t\t\t\t\t<div class=\"elementor-text-editor elementor-clearfix\"><p>Afin d\u2019approfondir le cot\u00e9 durable de l\u2019industrie du bois, la SODEFOR a \u00e9galement profit\u00e9 de l\u2019occasion pour pr\u00e9senter les modalit\u00e9s de valorisation des d\u00e9chets issus de ses unit\u00e9s de transformation, d\u00e9montrant ainsi que tout est valorisable et aucun d\u00e9chet n\u2019est stock\u00e9. Une partie approvisionne la chaudi\u00e8re de l\u2019unit\u00e9 de d\u00e9roulage. Une autre partie s\u2019int\u00e8gre dans des microcha\u00eenes de valeurs locales et sp\u00e9cifiques sont ainsi aliment\u00e9es par ces d\u00e9chets. Elles sont souvent li\u00e9es \u00e0 la restauration de quartier, aux petites fabriques d\u2019ameublement, jusqu\u2019aux grandes boulangeries industrielles qui ont besoin d\u2019approvisionner en bois leurs fours \u00e0 pain. En mobilisant ce type de partenariat, la SODEFOR contribue \u00e0 diminuer l\u2019exploitation de bois de feu, et lutte contre les changements climatiques en valorisant au maximum ses d\u00e9chets et contribue indirectement \u00e0 la consommation de bois de feu issu d\u2019une production artisanale. Elle contribue aussi \u00e0 aider une partie des populations vuln\u00e9rables de Kinshasa (dont les mamans avec leurs restaurants de quartier) en les aidant \u00e0 s\u2019approvisionner en mati\u00e8re premi\u00e8re pour la r\u00e9alisation de leur activit\u00e9s r\u00e9mun\u00e9ratrices.<\/p><p>Afin de d\u00e9montrer l\u2019origine l\u00e9gale de ses bois, la SODEFOR a saisi l\u2019occasion d\u2019exposer aux \u00e9tudiants les modalit\u00e9s de la tra\u00e7abilit\u00e9 du bois et qui constituent la source d\u2019approvisionnement des unit\u00e9s de transformation. Tous les bois transform\u00e9s viennent de concessions am\u00e9nag\u00e9es durablement. Avec cette derni\u00e8re intervention, les \u00e9tudiants ont pu repartir renforc\u00e9s avec plus de connaissances et une maitrise plus claire de ce que signifie une \u00ab Gestion Durable et rationnelle des for\u00eats \u00bb.<\/p><\/div>\n\t\t\t\t<\/div>\n\t\t\t\t<\/div>\n\t\t\t\t\t\t<\/div>\n\t\t\t\t\t<\/div>\n\t\t<\/div>\n\t\t\t\t\t\t\t\t<\/div>\n\t\t\t\t\t<\/div>\n\t\t<\/section>\n\t\t\t\t\t\t<\/div>\n\t\t\t\t\t\t<\/div>\n\t\t\t\t\t<\/div>","protected":false},"excerpt":{"rendered":"<p>Le mardi 11 Juillet dernier, 8 \u00e9tudiants de l\u2019ERAIFT ont \u00e9t\u00e9 invit\u00e9s par la SODEFOR \u00e0 visiter ses installations de transformation du bois \u00e0 Kinshasa. Cette visite a \u00e9t\u00e9 r\u00e9alis\u00e9 dans le cadre de l\u2019accord de partenariat de la SODEFOR&#8230;<br \/><a class=\"read-more-button\" href=\"http:\/\/sodefor.net\/en\/eraift-sodefor-kin\/\">Read more<\/a><\/p>","protected":false},"author":1,"featured_media":0,"comment_status":"closed","ping_status":"closed","sticky":false,"template":"","format":"standard","meta":[],"categories":[1],"tags":[],"_links":{"self":[{"href":"http:\/\/sodefor.net\/en\/wp-json\/wp\/v2\/posts\/29682"}],"collection":[{"href":"http:\/\/sodefor.net\/en\/wp-json\/wp\/v2\/posts"}],"about":[{"href":"http:\/\/sodefor.net\/en\/wp-json\/wp\/v2\/types\/post"}],"author":[{"embeddable":true,"href":"http:\/\/sodefor.net\/en\/wp-json\/wp\/v2\/users\/1"}],"replies":[{"embeddable":true,"href":"http:\/\/sodefor.net\/en\/wp-json\/wp\/v2\/comments?post=29682"}],"version-history":[{"count":6,"href":"http:\/\/sodefor.net\/en\/wp-json\/wp\/v2\/posts\/29682\/revisions"}],"predecessor-version":[{"id":29692,"href":"http:\/\/sodefor.net\/en\/wp-json\/wp\/v2\/posts\/29682\/revisions\/29692"}],"wp:attachment":[{"href":"http:\/\/sodefor.net\/en\/wp-json\/wp\/v2\/media?parent=29682"}],"wp:term":[{"taxonomy":"category","embeddable":true,"href":"http:\/\/sodefor.net\/en\/wp-json\/wp\/v2\/categories?post=29682"},{"taxonomy":"post_tag","embeddable":true,"href":"http:\/\/sodefor.net\/en\/wp-json\/wp\/v2\/tags?post=29682"}],"curies":[{"name":"wp","href":"https:\/\/api.w.org\/{rel}","templated":true}]}}